{"id":664,"date":"2022-08-18T10:06:27","date_gmt":"2022-08-18T08:06:27","guid":{"rendered":"https:\/\/covisart.be\/?p=664"},"modified":"2022-10-04T19:15:58","modified_gmt":"2022-10-04T17:15:58","slug":"vous-ne-voulez-plus-quon-vous-impose-une-usine-de-tarmac","status":"publish","type":"post","link":"https:\/\/covisart.be\/index.php\/2022\/08\/18\/vous-ne-voulez-plus-quon-vous-impose-une-usine-de-tarmac\/","title":{"rendered":"Vous ne voulez plus qu\u2019on vous impose une usine de tarmac\u00a0?\u00a0"},"content":{"rendered":"\n<h3 class=\"wp-block-heading\">Vous voulez \u00eatre acteur d\u2019un mieux-\u00eatre \u00e0 Sart-Bernard&nbsp;? <\/h3>\n\n\n\n<p>Donnez-nous vos id\u00e9es, vos suggestions pour qu\u2019ensemble nous puissions prot\u00e9ger, am\u00e9liorer votre village.<br><span class=\"has-inline-color has-vivid-green-cyan-color\"><strong>Vous avez jusqu\u2019au 1er septembre pour le faire&nbsp;!<\/strong><\/span><\/p>\n\n\n\n<p><br>Sous la supervision du Groupement d\u2019Action Locale Tiges et Chav\u00e9es et de la Commune d\u2019Assesse, un <strong>projet participatif innovant<\/strong> (<a rel=\"noreferrer noopener\" href=\"https:\/\/covisart.be\/wp-content\/uploads\/2022\/08\/Sart-Bernard_AtelierParticipatif.pdf\" target=\"_blank\">consultez le dossier du GAL<\/a>). En fonction de la localisation de votre habitation, choisissez une des 5 cartes, t\u00e9l\u00e9chargez l\u00e0 sur votre ordinateur\/tablette\/gsm, promenez-vous dans les rues, ruelles, chemins, sentiers concern\u00e9s par votre carte et envoyez-nous vos id\u00e9es, vos suggestions, vos coups de c\u0153ur \u00e0 <a href=\"mailto:asblcovisart@gmail.com\">asblcovisart@gmail.com<\/a> ou venez d\u00e9poser ou envoyez votre manuscrit \u00e0 l\u2019adresse de l\u2019asbl, 3 rue les Quartiers, 5330 Sart-Bernard.<br><span class=\"has-inline-color has-very-dark-gray-color\">Toutes les id\u00e9es sont bonnes&nbsp;!<\/span><br>Pour vous aidez, un <strong>formulaire tout simple est t\u00e9l\u00e9chargeable<\/strong> ici <a rel=\"noreferrer noopener\" href=\"https:\/\/covisart.be\/wp-content\/uploads\/2022\/08\/Covisart_FORMULAIRE_remplir.pdf\" target=\"_blank\">(version .pdf)<\/a> &#8211; <a rel=\"noreferrer noopener\" href=\"https:\/\/covisart.be\/wp-content\/uploads\/2022\/08\/Covisart_FORMULAIRE_remplir_Zonetexte.docx\" target=\"_blank\">(version .docx)<\/a><br>Vous voulez un exemplaire papier de la carte pour y indiquer vos id\u00e9es&nbsp;?&nbsp; <br>Demandez le \u00e0 asbcovisart@gmail.com en indiquant bien quelle carte vous d\u00e9sirez.<\/p>\n\n\n\n<h3 class=\"wp-block-heading\">Zones de Sart-Bernard<span class=\"has-inline-color has-very-light-gray-color\">  <\/span><span style=\"color:#bab5b5\" class=\"has-inline-color\">(Cliquez pour t\u00e9l\u00e9charger)<\/span><\/h3>\n\n\n\n<div class=\"wp-block-columns is-layout-flex wp-container-core-columns-is-layout-9d6595d7 wp-block-columns-is-layout-flex\">\n<div class=\"wp-block-column is-layout-flow wp-block-column-is-layout-flow\">\n<figure class=\"wp-block-image size-large\"><a href=\"https:\/\/covisart.be\/wp-content\/uploads\/2022\/08\/Sart_Bernard_Decoupe_quartiers_SUD.pdf\" target=\"_blank\" rel=\"noopener noreferrer\"><img loading=\"lazy\" decoding=\"async\" width=\"600\" height=\"424\" src=\"https:\/\/covisart.be\/wp-content\/uploads\/2022\/08\/Sart_Bernard_Decoupe_quartiers_5zones_SUD.jpg\" alt=\"\" class=\"wp-image-660\" srcset=\"https:\/\/covisart.be\/wp-content\/uploads\/2022\/08\/Sart_Bernard_Decoupe_quartiers_5zones_SUD.jpg 600w, https:\/\/covisart.be\/wp-content\/uploads\/2022\/08\/Sart_Bernard_Decoupe_quartiers_5zones_SUD-480x339.jpg 480w\" sizes=\"auto, (min-width: 0px) and (max-width: 480px) 480px, (min-width: 481px) 600px, 100vw\" \/><\/a><\/figure>\n\n\n\n<figure class=\"wp-block-image size-large\"><a href=\"https:\/\/covisart.be\/wp-content\/uploads\/2022\/08\/Sart_Bernard_Decoupe_quartiers_EST.pdf\" target=\"_blank\" rel=\"noopener noreferrer\"><img loading=\"lazy\" decoding=\"async\" width=\"600\" height=\"424\" src=\"https:\/\/covisart.be\/wp-content\/uploads\/2022\/08\/Sart_Bernard_Decoupe_quartiers_5zones_EST.jpg\" alt=\"\" class=\"wp-image-658\" srcset=\"https:\/\/covisart.be\/wp-content\/uploads\/2022\/08\/Sart_Bernard_Decoupe_quartiers_5zones_EST.jpg 600w, https:\/\/covisart.be\/wp-content\/uploads\/2022\/08\/Sart_Bernard_Decoupe_quartiers_5zones_EST-480x339.jpg 480w\" sizes=\"auto, (min-width: 0px) and (max-width: 480px) 480px, (min-width: 481px) 600px, 100vw\" \/><\/a><\/figure>\n\n\n\n<figure class=\"wp-block-image size-large\"><a href=\"https:\/\/covisart.be\/wp-content\/uploads\/2022\/08\/Sart_Bernard_Decoupe_quartiers_NORD.pdf\" target=\"_blank\" rel=\"noopener noreferrer\"><img loading=\"lazy\" decoding=\"async\" width=\"600\" height=\"424\" src=\"https:\/\/covisart.be\/wp-content\/uploads\/2022\/08\/Sart_Bernard_Decoupe_quartiers_5zones_NORD.jpg\" alt=\"\" class=\"wp-image-659\" srcset=\"https:\/\/covisart.be\/wp-content\/uploads\/2022\/08\/Sart_Bernard_Decoupe_quartiers_5zones_NORD.jpg 600w, https:\/\/covisart.be\/wp-content\/uploads\/2022\/08\/Sart_Bernard_Decoupe_quartiers_5zones_NORD-480x339.jpg 480w\" sizes=\"auto, (min-width: 0px) and (max-width: 480px) 480px, (min-width: 481px) 600px, 100vw\" \/><\/a><\/figure>\n<\/div>\n\n\n\n<div class=\"wp-block-column is-layout-flow wp-block-column-is-layout-flow\">\n<figure class=\"wp-block-image size-large\"><a href=\"https:\/\/covisart.be\/wp-content\/uploads\/2022\/08\/Sart_Bernard_Decoupe_quartiers_SUD-EST.pdf\" target=\"_blank\" rel=\"noopener noreferrer\"><img loading=\"lazy\" decoding=\"async\" width=\"600\" height=\"424\" src=\"https:\/\/covisart.be\/wp-content\/uploads\/2022\/08\/Sart_Bernard_Decoupe_quartiers_5zones_SUDEST.jpg\" alt=\"\" class=\"wp-image-661\" srcset=\"https:\/\/covisart.be\/wp-content\/uploads\/2022\/08\/Sart_Bernard_Decoupe_quartiers_5zones_SUDEST.jpg 600w, https:\/\/covisart.be\/wp-content\/uploads\/2022\/08\/Sart_Bernard_Decoupe_quartiers_5zones_SUDEST-480x339.jpg 480w\" sizes=\"auto, (min-width: 0px) and (max-width: 480px) 480px, (min-width: 481px) 600px, 100vw\" \/><\/a><\/figure>\n\n\n\n<figure class=\"wp-block-image size-large\"><a href=\"https:\/\/covisart.be\/wp-content\/uploads\/2022\/08\/Sart_Bernard_Decoupe_quartiers_CENTRE.pdf\" target=\"_blank\" rel=\"noopener noreferrer\"><img loading=\"lazy\" decoding=\"async\" width=\"600\" height=\"424\" src=\"https:\/\/covisart.be\/wp-content\/uploads\/2022\/08\/Sart_Bernard_Decoupe_quartiers_5zones_CENTRE.jpg\" alt=\"\" class=\"wp-image-657\" srcset=\"https:\/\/covisart.be\/wp-content\/uploads\/2022\/08\/Sart_Bernard_Decoupe_quartiers_5zones_CENTRE.jpg 600w, https:\/\/covisart.be\/wp-content\/uploads\/2022\/08\/Sart_Bernard_Decoupe_quartiers_5zones_CENTRE-480x339.jpg 480w\" sizes=\"auto, (min-width: 0px) and (max-width: 480px) 480px, (min-width: 481px) 600px, 100vw\" \/><\/a><\/figure>\n<\/div>\n<\/div>\n\n\n\n<h3 class=\"wp-block-heading\">Personnes de contact et gsm<\/h3>\n\n\n\n<p><strong><span class=\"has-inline-color has-vivid-green-cyan-color\">Pour l\u2019ensemble du projet&nbsp;:<\/span> <\/strong><br>Muriel Dagrain, Charg\u00e9e de mission au GAL Pays des Tiges et Chav\u00e9es <br><a href=\"mailto:muriel.dagrain@tiges-chavees.be\">muriel.dagrain@tiges-chavees.be<\/a> <br>0474\/41.78.90<br><br><strong><span class=\"has-inline-color has-vivid-green-cyan-color\">Pour chaque Zone g\u00e9ographique de Sart-Bernard :<\/span><\/strong><br><strong>NORD<\/strong>&nbsp;: Virginie Olikier-Lievens &#8211; 0492 43 01 86<br><strong>CENTRE<\/strong>&nbsp;: Olivier Gillet &#8211; 0496 39 07 81<br><strong>EST<\/strong>&nbsp;: C\u00e9line Chapelle &#8211; 0479 64 21 75<br><strong>SUD-EST<\/strong>&nbsp;: Patrick Grandjean &nbsp;&#8211; 0476 86 85 98<br><strong>SUD<\/strong>&nbsp;: Philippe Blerot &#8211; 0475 80 06 53<\/p>\n\n\n\n<p><a href=\"https:\/\/covisart.be\/wp-content\/uploads\/2022\/08\/Sart-Bernard_decoupe_5zones.jpg\" target=\"_blank\" rel=\"noreferrer noopener\">T\u00e9l\u00e9chargez la carte globale des 5 zones en cliquant ici !<\/a><\/p>\n\n\n\n<p><\/p>\n","protected":false},"excerpt":{"rendered":"<p>Sous la supervision du Groupement d\u2019Action Locale Tiges et Chav\u00e9es et de la Commune d\u2019Assesse, un projet participatif innovant.<\/p>\n","protected":false},"author":2,"featured_media":649,"comment_status":"open","ping_status":"open","sticky":false,"template":"","format":"standard","meta":{"_et_pb_use_builder":"off","_et_pb_old_content":"","_et_gb_content_width":"","footnotes":""},"categories":[3],"tags":[],"class_list":["post-664","post","type-post","status-publish","format-standard","has-post-thumbnail","hentry","category-actu"],"_links":{"self":[{"href":"https:\/\/covisart.be\/index.php\/wp-json\/wp\/v2\/posts\/664","targetHints":{"allow":["GET"]}}],"collection":[{"href":"https:\/\/covisart.be\/index.php\/wp-json\/wp\/v2\/posts"}],"about":[{"href":"https:\/\/covisart.be\/index.php\/wp-json\/wp\/v2\/types\/post"}],"author":[{"embeddable":true,"href":"https:\/\/covisart.be\/index.php\/wp-json\/wp\/v2\/users\/2"}],"replies":[{"embeddable":true,"href":"https:\/\/covisart.be\/index.php\/wp-json\/wp\/v2\/comments?post=664"}],"version-history":[{"count":13,"href":"https:\/\/covisart.be\/index.php\/wp-json\/wp\/v2\/posts\/664\/revisions"}],"predecessor-version":[{"id":692,"href":"https:\/\/covisart.be\/index.php\/wp-json\/wp\/v2\/posts\/664\/revisions\/692"}],"wp:featuredmedia":[{"embeddable":true,"href":"https:\/\/covisart.be\/index.php\/wp-json\/wp\/v2\/media\/649"}],"wp:attachment":[{"href":"https:\/\/covisart.be\/index.php\/wp-json\/wp\/v2\/media?parent=664"}],"wp:term":[{"taxonomy":"category","embeddable":true,"href":"https:\/\/covisart.be\/index.php\/wp-json\/wp\/v2\/categories?post=664"},{"taxonomy":"post_tag","embeddable":true,"href":"https:\/\/covisart.be\/index.php\/wp-json\/wp\/v2\/tags?post=664"}],"curies":[{"name":"wp","href":"https:\/\/api.w.org\/{rel}","templated":true}]}}